{"id":21353,"date":"2023-11-21T11:34:09","date_gmt":"2023-11-21T11:34:09","guid":{"rendered":"https:\/\/snipool.com\/?p=21353"},"modified":"2023-11-21T11:34:09","modified_gmt":"2023-11-21T11:34:09","slug":"felix-kaniz-le-christophe-colomb-des-balkans","status":"publish","type":"post","link":"https:\/\/snipool.com\/fr\/felix-kaniz-le-christophe-colomb-des-balkans\/","title":{"rendered":"Felix Kaniz, le Christophe Colomb des Balkans"},"content":{"rendered":"<p>Felix Kaniz est n\u00e9 en 1829 en Hongrie. Arch\u00e9ologue, ethnographe, peintre et g\u00e9ographe, il voyage beaucoup en Bulgarie du Nord, appel\u00e9e encore la \u00ab\u00a0Bulgarie Danubienne\u00a0\u00bb car cette partie du pays est travers\u00e9e par le fleuve Danube.<\/p>\n<p>Kaniz a laiss\u00e9 derri\u00e8re lui des travaux tr\u00e8s importants concernant la mode de vie des Bulgares d\u2019ici et des descriptions g\u00e9ographiques de la r\u00e9gion. De 1860 \u00e0 1867, il \u00e9crit son \u00ab\u00a0Journal de route\u00a0\u00bb, qui traite des th\u00e8mes historiques, g\u00e9ographiques et etnographique de la Bulgarie du Nord. Pour son travail scientifique, il est appel\u00e9 le \u00ab\u00a0Christophe Colomb\u00a0\u00bb des Balkans.<\/p>\n<p>Kaniz visite la Bulgarie pour la premi\u00e8re fois en 1860. Il y r\u00e9alise son dernier voyage en 1874. Pendant ces quatorze ann\u00e9es, Kaniz ajoute sur la carte g\u00e9ographique 35 monast\u00e8res, 2 300 villages, des routes et des curiosit\u00e9s anciennes de la Bulgarie du Nord.<\/p>\n<p>La Bulgarie du Nord est drain\u00e9e par les eaux du Danube. Le fleuve fa\u00e7onne la fronti\u00e8re naturelle entre la Bulgarie et la Roumanie.<\/p>\n<p>Le village d\u2019Ivanovo se trouve dans la vall\u00e9e de Lom, o\u00f9 coule le\u00a0dernier affluent droit du Danube. Cet affluent forme un r\u00e9seau de rivi\u00e8res et de ruisseaux, qui ont creus\u00e9 pendant les si\u00e8cles de profondes grottes et ont cr\u00e9e des formations rocheuses. Ici on peut admirer le site arch\u00e9ologique d\u2019Ivanovo avec les Eglises rupestres, que les moines ont quitt\u00e9 entre le V<sup>e <\/sup>et le VI<sup>e <\/sup>si\u00e8cle \u00e0 cause des attaques barbares. Le site est class\u00e9 au Patrimoine mondial culturel.<\/p>\n<p>Dans la Bulgarie du Nord, on peut visiter encore les tr\u00e8s cel\u00e8bres sites tel que le Tombeau thrace de Svetchari, le Cavalier de Madara ou la R\u00e9serve naturelle de Srebarna, tous class\u00e9s au Patrimoine mondial culturel.<\/p>\n<p>Felix Kaniz d\u00e9c\u00e8de en 1904 en Autriche.<\/p>\n","protected":false},"excerpt":{"rendered":"<p>Felix Kaniz est n\u00e9 en 1829 en Hongrie. Arch\u00e9ologue, ethnographe, peintre et g\u00e9ographe, il voyage beaucoup en Bulgarie du Nord, appel\u00e9e encore la \u00ab\u00a0Bulgarie Danubienne\u00a0\u00bb car cette partie du pays est travers\u00e9e par le fleuve Danube. Kaniz a laiss\u00e9 derri\u00e8re lui des travaux tr\u00e8s importants concernant la mode de vie des Bulgares d\u2019ici et des &hellip;<\/p>\n","protected":false},"author":3,"featured_media":0,"comment_status":"open","ping_status":"open","sticky":false,"template":"","format":"standard","meta":{"footnotes":""},"categories":[1073],"tags":[4803,6909,6078,6907,6905,6904,3268,5187,6906,6908,3206,4573,4360],"class_list":["post-21353","post","type-post","status-publish","format-standard","hentry","category-bulgarie","tag-autriche","tag-cavalier","tag-christophe-colomb","tag-eglises-rupestres","tag-en-bulgarie-du-nord","tag-felix-kaniz","tag-grottes","tag-la-bulgarie","tag-le-fleuve-danube","tag-patrimoine-mondial-culturel","tag-reserve-naturelle","tag-site","tag-village"],"yoast_head":"<!-- This site is optimized with the Yoast SEO plugin v27.4 - https:\/\/yoast.com\/product\/yoast-seo-wordpress\/ -->\n<title>Felix Kaniz, le Christophe Colomb des Balkans - Snipool<\/title>\n<meta name=\"description\" content=\"Felix Kaniz est n\u00e9 en 1829 en Hongrie. Arch\u00e9ologue, ethnographe, peintre et g\u00e9ographe, il voyage beaucoup en\" \/>\n<meta name=\"robots\" content=\"index, follow, max-snippet:-1, max-image-preview:large, max-video-preview:-1\" \/>\n<link rel=\"canonical\" href=\"https:\/\/snipool.com\/fr\/felix-kaniz-le-christophe-colomb-des-balkans\/\" \/>\n<meta property=\"og:locale\" content=\"fr_FR\" \/>\n<meta property=\"og:type\" content=\"article\" \/>\n<meta property=\"og:title\" content=\"Felix Kaniz, le Christophe Colomb des Balkans - Snipool\" \/>\n<meta property=\"og:description\" content=\"Felix Kaniz est n\u00e9 en 1829 en Hongrie. Arch\u00e9ologue, ethnographe, peintre et g\u00e9ographe, il voyage beaucoup en\" \/>\n<meta property=\"og:url\" content=\"https:\/\/snipool.com\/fr\/felix-kaniz-le-christophe-colomb-des-balkans\/\" \/>\n<meta property=\"og:site_name\" content=\"Snipool\" \/>\n<meta property=\"article:publisher\" content=\"https:\/\/www.facebook.com\/profile.php?id=100063508899183\" \/>\n<meta property=\"article:published_time\" content=\"2023-11-21T11:34:09+00:00\" \/>\n<meta name=\"author\" content=\"snipool\" \/>\n<meta name=\"twitter:card\" content=\"summary_large_image\" \/>\n<meta name=\"twitter:label1\" content=\"\u00c9crit par\" \/>\n\t<meta name=\"twitter:data1\" content=\"snipool\" \/>\n\t<meta name=\"twitter:label2\" content=\"Dur\u00e9e de lecture estim\u00e9e\" \/>\n\t<meta name=\"twitter:data2\" content=\"2 minutes\" \/>\n<script type=\"application\/ld+json\" class=\"yoast-schema-graph\">{\"@context\":\"https:\\\/\\\/schema.org\",\"@graph\":[{\"@type\":\"Article\",\"@id\":\"https:\\\/\\\/snipool.com\\\/fr\\\/felix-kaniz-le-christophe-colomb-des-balkans\\\/#article\",\"isPartOf\":{\"@id\":\"https:\\\/\\\/snipool.com\\\/fr\\\/felix-kaniz-le-christophe-colomb-des-balkans\\\/\"},\"author\":{\"name\":\"snipool\",\"@id\":\"https:\\\/\\\/snipool.com\\\/fr\\\/#\\\/schema\\\/person\\\/ffb130c1d9a37f3334a8c388848476b2\"},\"headline\":\"Felix Kaniz, le Christophe Colomb des Balkans\",\"datePublished\":\"2023-11-21T11:34:09+00:00\",\"mainEntityOfPage\":{\"@id\":\"https:\\\/\\\/snipool.com\\\/fr\\\/felix-kaniz-le-christophe-colomb-des-balkans\\\/\"},\"wordCount\":316,\"commentCount\":0,\"publisher\":{\"@id\":\"https:\\\/\\\/snipool.com\\\/fr\\\/#organization\"},\"keywords\":[\"Autriche\",\"cavalier\",\"Christophe Colomb\",\"eglises rupestres\",\"en Bulgarie du Nord\",\"Felix Kaniz\",\"grottes\",\"la Bulgarie\",\"le fleuve Danube\",\"Patrimoine mondial culturel\",\"r\u00e9serve naturelle\",\"site\",\"village\"],\"articleSection\":[\"Bulgarie\"],\"inLanguage\":\"fr-FR\",\"potentialAction\":[{\"@type\":\"CommentAction\",\"name\":\"Comment\",\"target\":[\"https:\\\/\\\/snipool.com\\\/fr\\\/felix-kaniz-le-christophe-colomb-des-balkans\\\/#respond\"]}]},{\"@type\":\"WebPage\",\"@id\":\"https:\\\/\\\/snipool.com\\\/fr\\\/felix-kaniz-le-christophe-colomb-des-balkans\\\/\",\"url\":\"https:\\\/\\\/snipool.com\\\/fr\\\/felix-kaniz-le-christophe-colomb-des-balkans\\\/\",\"name\":\"Felix Kaniz, le Christophe Colomb des Balkans - Snipool\",\"isPartOf\":{\"@id\":\"https:\\\/\\\/snipool.com\\\/fr\\\/#website\"},\"datePublished\":\"2023-11-21T11:34:09+00:00\",\"description\":\"Felix Kaniz est n\u00e9 en 1829 en Hongrie. Arch\u00e9ologue, ethnographe, peintre et g\u00e9ographe, il voyage beaucoup en\",\"breadcrumb\":{\"@id\":\"https:\\\/\\\/snipool.com\\\/fr\\\/felix-kaniz-le-christophe-colomb-des-balkans\\\/#breadcrumb\"},\"inLanguage\":\"fr-FR\",\"potentialAction\":[{\"@type\":\"ReadAction\",\"target\":[\"https:\\\/\\\/snipool.com\\\/fr\\\/felix-kaniz-le-christophe-colomb-des-balkans\\\/\"]}]},{\"@type\":\"BreadcrumbList\",\"@id\":\"https:\\\/\\\/snipool.com\\\/fr\\\/felix-kaniz-le-christophe-colomb-des-balkans\\\/#breadcrumb\",\"itemListElement\":[{\"@type\":\"ListItem\",\"position\":1,\"name\":\"Home\",\"item\":\"https:\\\/\\\/snipool.com\\\/fr\\\/accueil\\\/\"},{\"@type\":\"ListItem\",\"position\":2,\"name\":\"Felix Kaniz, le Christophe Colomb des Balkans\"}]},{\"@type\":\"WebSite\",\"@id\":\"https:\\\/\\\/snipool.com\\\/fr\\\/#website\",\"url\":\"https:\\\/\\\/snipool.com\\\/fr\\\/\",\"name\":\"Snipool\",\"description\":\"\u0415\u043d\u0446\u0438\u043a\u043b\u043e\u043f\u0435\u0434\u0438\u044f\",\"publisher\":{\"@id\":\"https:\\\/\\\/snipool.com\\\/fr\\\/#organization\"},\"potentialAction\":[{\"@type\":\"SearchAction\",\"target\":{\"@type\":\"EntryPoint\",\"urlTemplate\":\"https:\\\/\\\/snipool.com\\\/fr\\\/?s={search_term_string}\"},\"query-input\":{\"@type\":\"PropertyValueSpecification\",\"valueRequired\":true,\"valueName\":\"search_term_string\"}}],\"inLanguage\":\"fr-FR\"},{\"@type\":\"Organization\",\"@id\":\"https:\\\/\\\/snipool.com\\\/fr\\\/#organization\",\"name\":\"Snipool\",\"url\":\"https:\\\/\\\/snipool.com\\\/fr\\\/\",\"logo\":{\"@type\":\"ImageObject\",\"inLanguage\":\"fr-FR\",\"@id\":\"https:\\\/\\\/snipool.com\\\/fr\\\/#\\\/schema\\\/logo\\\/image\\\/\",\"url\":\"https:\\\/\\\/snipool.com\\\/wp-content\\\/uploads\\\/2023\\\/10\\\/logos.png\",\"contentUrl\":\"https:\\\/\\\/snipool.com\\\/wp-content\\\/uploads\\\/2023\\\/10\\\/logos.png\",\"width\":380,\"height\":380,\"caption\":\"Snipool\"},\"image\":{\"@id\":\"https:\\\/\\\/snipool.com\\\/fr\\\/#\\\/schema\\\/logo\\\/image\\\/\"},\"sameAs\":[\"https:\\\/\\\/www.facebook.com\\\/profile.php?id=100063508899183\",\"https:\\\/\\\/www.youtube.com\\\/channel\\\/UCEOTSSOX8TuyuJTr2ZfeRDQ\",\"https:\\\/\\\/www.instagram.com\\\/snipool_com\\\/\"]},{\"@type\":\"Person\",\"@id\":\"https:\\\/\\\/snipool.com\\\/fr\\\/#\\\/schema\\\/person\\\/ffb130c1d9a37f3334a8c388848476b2\",\"name\":\"snipool\",\"image\":{\"@type\":\"ImageObject\",\"inLanguage\":\"fr-FR\",\"@id\":\"https:\\\/\\\/snipool.com\\\/wp-content\\\/litespeed\\\/avatar\\\/ab7d858bfdc8a268ec80c223cc486fc4.jpg?ver=1777068103\",\"url\":\"https:\\\/\\\/snipool.com\\\/wp-content\\\/litespeed\\\/avatar\\\/ab7d858bfdc8a268ec80c223cc486fc4.jpg?ver=1777068103\",\"contentUrl\":\"https:\\\/\\\/snipool.com\\\/wp-content\\\/litespeed\\\/avatar\\\/ab7d858bfdc8a268ec80c223cc486fc4.jpg?ver=1777068103\",\"caption\":\"snipool\"}}]}<\/script>\n<!-- \/ Yoast SEO plugin. -->","yoast_head_json":{"title":"Felix Kaniz, le Christophe Colomb des Balkans - Snipool","description":"Felix Kaniz est n\u00e9 en 1829 en Hongrie. Arch\u00e9ologue, ethnographe, peintre et g\u00e9ographe, il voyage beaucoup en","robots":{"index":"index","follow":"follow","max-snippet":"max-snippet:-1","max-image-preview":"max-image-preview:large","max-video-preview":"max-video-preview:-1"},"canonical":"https:\/\/snipool.com\/fr\/felix-kaniz-le-christophe-colomb-des-balkans\/","og_locale":"fr_FR","og_type":"article","og_title":"Felix Kaniz, le Christophe Colomb des Balkans - Snipool","og_description":"Felix Kaniz est n\u00e9 en 1829 en Hongrie. Arch\u00e9ologue, ethnographe, peintre et g\u00e9ographe, il voyage beaucoup en","og_url":"https:\/\/snipool.com\/fr\/felix-kaniz-le-christophe-colomb-des-balkans\/","og_site_name":"Snipool","article_publisher":"https:\/\/www.facebook.com\/profile.php?id=100063508899183","article_published_time":"2023-11-21T11:34:09+00:00","author":"snipool","twitter_card":"summary_large_image","twitter_misc":{"\u00c9crit par":"snipool","Dur\u00e9e de lecture estim\u00e9e":"2 minutes"},"schema":{"@context":"https:\/\/schema.org","@graph":[{"@type":"Article","@id":"https:\/\/snipool.com\/fr\/felix-kaniz-le-christophe-colomb-des-balkans\/#article","isPartOf":{"@id":"https:\/\/snipool.com\/fr\/felix-kaniz-le-christophe-colomb-des-balkans\/"},"author":{"name":"snipool","@id":"https:\/\/snipool.com\/fr\/#\/schema\/person\/ffb130c1d9a37f3334a8c388848476b2"},"headline":"Felix Kaniz, le Christophe Colomb des Balkans","datePublished":"2023-11-21T11:34:09+00:00","mainEntityOfPage":{"@id":"https:\/\/snipool.com\/fr\/felix-kaniz-le-christophe-colomb-des-balkans\/"},"wordCount":316,"commentCount":0,"publisher":{"@id":"https:\/\/snipool.com\/fr\/#organization"},"keywords":["Autriche","cavalier","Christophe Colomb","eglises rupestres","en Bulgarie du Nord","Felix Kaniz","grottes","la Bulgarie","le fleuve Danube","Patrimoine mondial culturel","r\u00e9serve naturelle","site","village"],"articleSection":["Bulgarie"],"inLanguage":"fr-FR","potentialAction":[{"@type":"CommentAction","name":"Comment","target":["https:\/\/snipool.com\/fr\/felix-kaniz-le-christophe-colomb-des-balkans\/#respond"]}]},{"@type":"WebPage","@id":"https:\/\/snipool.com\/fr\/felix-kaniz-le-christophe-colomb-des-balkans\/","url":"https:\/\/snipool.com\/fr\/felix-kaniz-le-christophe-colomb-des-balkans\/","name":"Felix Kaniz, le Christophe Colomb des Balkans - Snipool","isPartOf":{"@id":"https:\/\/snipool.com\/fr\/#website"},"datePublished":"2023-11-21T11:34:09+00:00","description":"Felix Kaniz est n\u00e9 en 1829 en Hongrie. Arch\u00e9ologue, ethnographe, peintre et g\u00e9ographe, il voyage beaucoup en","breadcrumb":{"@id":"https:\/\/snipool.com\/fr\/felix-kaniz-le-christophe-colomb-des-balkans\/#breadcrumb"},"inLanguage":"fr-FR","potentialAction":[{"@type":"ReadAction","target":["https:\/\/snipool.com\/fr\/felix-kaniz-le-christophe-colomb-des-balkans\/"]}]},{"@type":"BreadcrumbList","@id":"https:\/\/snipool.com\/fr\/felix-kaniz-le-christophe-colomb-des-balkans\/#breadcrumb","itemListElement":[{"@type":"ListItem","position":1,"name":"Home","item":"https:\/\/snipool.com\/fr\/accueil\/"},{"@type":"ListItem","position":2,"name":"Felix Kaniz, le Christophe Colomb des Balkans"}]},{"@type":"WebSite","@id":"https:\/\/snipool.com\/fr\/#website","url":"https:\/\/snipool.com\/fr\/","name":"Snipool","description":"\u0415\u043d\u0446\u0438\u043a\u043b\u043e\u043f\u0435\u0434\u0438\u044f","publisher":{"@id":"https:\/\/snipool.com\/fr\/#organization"},"potentialAction":[{"@type":"SearchAction","target":{"@type":"EntryPoint","urlTemplate":"https:\/\/snipool.com\/fr\/?s={search_term_string}"},"query-input":{"@type":"PropertyValueSpecification","valueRequired":true,"valueName":"search_term_string"}}],"inLanguage":"fr-FR"},{"@type":"Organization","@id":"https:\/\/snipool.com\/fr\/#organization","name":"Snipool","url":"https:\/\/snipool.com\/fr\/","logo":{"@type":"ImageObject","inLanguage":"fr-FR","@id":"https:\/\/snipool.com\/fr\/#\/schema\/logo\/image\/","url":"https:\/\/snipool.com\/wp-content\/uploads\/2023\/10\/logos.png","contentUrl":"https:\/\/snipool.com\/wp-content\/uploads\/2023\/10\/logos.png","width":380,"height":380,"caption":"Snipool"},"image":{"@id":"https:\/\/snipool.com\/fr\/#\/schema\/logo\/image\/"},"sameAs":["https:\/\/www.facebook.com\/profile.php?id=100063508899183","https:\/\/www.youtube.com\/channel\/UCEOTSSOX8TuyuJTr2ZfeRDQ","https:\/\/www.instagram.com\/snipool_com\/"]},{"@type":"Person","@id":"https:\/\/snipool.com\/fr\/#\/schema\/person\/ffb130c1d9a37f3334a8c388848476b2","name":"snipool","image":{"@type":"ImageObject","inLanguage":"fr-FR","@id":"https:\/\/snipool.com\/wp-content\/litespeed\/avatar\/ab7d858bfdc8a268ec80c223cc486fc4.jpg?ver=1777068103","url":"https:\/\/snipool.com\/wp-content\/litespeed\/avatar\/ab7d858bfdc8a268ec80c223cc486fc4.jpg?ver=1777068103","contentUrl":"https:\/\/snipool.com\/wp-content\/litespeed\/avatar\/ab7d858bfdc8a268ec80c223cc486fc4.jpg?ver=1777068103","caption":"snipool"}}]}},"_links":{"self":[{"href":"https:\/\/snipool.com\/fr\/wp-json\/wp\/v2\/posts\/21353","targetHints":{"allow":["GET"]}}],"collection":[{"href":"https:\/\/snipool.com\/fr\/wp-json\/wp\/v2\/posts"}],"about":[{"href":"https:\/\/snipool.com\/fr\/wp-json\/wp\/v2\/types\/post"}],"author":[{"embeddable":true,"href":"https:\/\/snipool.com\/fr\/wp-json\/wp\/v2\/users\/3"}],"replies":[{"embeddable":true,"href":"https:\/\/snipool.com\/fr\/wp-json\/wp\/v2\/comments?post=21353"}],"version-history":[{"count":0,"href":"https:\/\/snipool.com\/fr\/wp-json\/wp\/v2\/posts\/21353\/revisions"}],"wp:attachment":[{"href":"https:\/\/snipool.com\/fr\/wp-json\/wp\/v2\/media?parent=21353"}],"wp:term":[{"taxonomy":"category","embeddable":true,"href":"https:\/\/snipool.com\/fr\/wp-json\/wp\/v2\/categories?post=21353"},{"taxonomy":"post_tag","embeddable":true,"href":"https:\/\/snipool.com\/fr\/wp-json\/wp\/v2\/tags?post=21353"}],"curies":[{"name":"wp","href":"https:\/\/api.w.org\/{rel}","templated":true}]}}