{"id":11274,"date":"2021-10-18T15:45:34","date_gmt":"2021-10-18T15:45:34","guid":{"rendered":"https:\/\/snipool.com\/?p=11274"},"modified":"2021-10-18T15:45:34","modified_gmt":"2021-10-18T15:45:34","slug":"les-21-etapes-du-tour-de-france-2022","status":"publish","type":"post","link":"https:\/\/snipool.com\/fr\/les-21-etapes-du-tour-de-france-2022\/","title":{"rendered":"Les 21 \u00e9tapes du Tour de France 2022"},"content":{"rendered":"<p>Dans sa 109<sup>e <\/sup>\u00e9dition, le parcours du Tour de France 2022 inclut 21 \u00e9tapes. La comp\u00e9tition va se d\u00e9rouler du 1<sup>er <\/sup>au 24 juillet.<\/p>\n<p>&nbsp;<\/p>\n<p><strong>1<sup>\u00e9re <\/sup>\u00e9tape, 1<sup>er <\/sup>juillet<\/strong><\/p>\n<p>Copenhague- Copenhague, Grande d\u00e9part, 13 km \/ Danemark<\/p>\n<p><strong>2<sup>e <\/sup>\u00e9tape, 2 juillet<\/strong><\/p>\n<p>Roskilde- Nyborg, 199 km, Danemark<\/p>\n<p><strong>3<sup>e <\/sup>\u00e9tape, 3 juillet<\/strong><\/p>\n<p>Vejle- Sonderborg, 182 km, Danemark. Transfert 4 juillet<\/p>\n<p><strong>4<\/strong><strong><sup>e <\/sup><\/strong><strong>\u00e9tape, <\/strong><strong>5<\/strong><strong> juillet<\/strong><\/p>\n<p>Dunkerque- Calais<\/p>\n<p><strong>5<sup>e <\/sup>\u00e9tape, 6 juillet<\/strong><\/p>\n<p>Lille- Arenberg. Porte du Hainaut<\/p>\n<p><strong>6<sup>e <\/sup>\u00e9tape, 7 juillet<\/strong><\/p>\n<p>Binche, Belgique- Longwy<\/p>\n<p><strong>7<\/strong><strong><sup>e <\/sup><\/strong><strong>\u00e9tape, <\/strong><strong>8<\/strong><strong> juillet<\/strong><\/p>\n<p>Tomblaine- La Super. Planche des Belles Filles<\/p>\n<p><strong>8<sup>e <\/sup>\u00e9tape, 9 juillet<\/strong><\/p>\n<p>Dole- Lausanne, Suisse<\/p>\n<p><strong>9<sup>e <\/sup>\u00e9tape, 10 juillet<\/strong><\/p>\n<p>Aigle, Suisse- Ch\u00e2tel<\/p>\n<p><strong>Repos 11 juillet<\/strong><\/p>\n<p><strong>10<sup>e <\/sup>\u00e9tape, 12 juillet<\/strong><\/p>\n<p>Morzine- Meg\u00e8ve<\/p>\n<p><strong>11<sup>e <\/sup>\u00e9tape, 13 juillet<\/strong><\/p>\n<p>Albertville- Col du Granon<\/p>\n<p><strong>12<sup>e <\/sup>\u00e9tape, 14 juillet<\/strong><\/p>\n<p>Brian\u00e7on- Alpe d\u2019Huez<\/p>\n<p><strong>13<sup>e <\/sup>\u00e9tape, 15 juillet<\/strong><\/p>\n<p>Bourg d\u2019Oisans- St. Etienne<\/p>\n<p><strong>14<sup>e <\/sup>\u00e9tape, 16 juillet<\/strong><\/p>\n<p>St. Etienne-\u00a0Mende<\/p>\n<p><strong>15<sup>e <\/sup>\u00e9tape, 17 juillet<\/strong><\/p>\n<p>Rodez- Carcassonne<\/p>\n<p><strong>Repos 18 juillet<\/strong><\/p>\n<p><strong>16<sup>e <\/sup>\u00e9tape, 19 juillet<\/strong><\/p>\n<p>Carcassonne- Foix<\/p>\n<p><strong>17<sup>e <\/sup>\u00e9tape, 20 juillet<\/strong><\/p>\n<p>Saint- Gaudens- Peyragudes<\/p>\n<p><strong>18<sup>e <\/sup>\u00e9tape, 21 juillet<\/strong><\/p>\n<p>Lourdes- Hautacam<\/p>\n<p><strong>19<sup>e <\/sup>\u00e9tape, 22 juillet<\/strong><\/p>\n<p>Castelnau- Magnoac- Cahors<\/p>\n<p><strong>20<sup>e <\/sup>\u00e9tape, 23 juillet<\/strong><\/p>\n<p>Lacapelle- Marival- Rocamadour<\/p>\n<p><strong>21<sup>e <\/sup>\u00e9tape, 24 juillet<\/strong><\/p>\n<p>Paris La D\u00e9fence Arena- Paris Champs- Elys\u00e9es<\/p>\n","protected":false},"excerpt":{"rendered":"<p>Dans sa 109e \u00e9dition, le parcours du Tour de France 2022 inclut 21 \u00e9tapes. La comp\u00e9tition va se d\u00e9rouler du 1er au 24 juillet. &nbsp; 1\u00e9re \u00e9tape, 1er juillet Copenhague- Copenhague, Grande d\u00e9part, 13 km \/ Danemark 2e \u00e9tape, 2 juillet Roskilde- Nyborg, 199 km, Danemark 3e \u00e9tape, 3 juillet Vejle- Sonderborg, 182 km, Danemark. &hellip;<\/p>\n","protected":false},"author":1,"featured_media":11275,"comment_status":"open","ping_status":"open","sticky":false,"template":"","format":"standard","meta":{"footnotes":""},"categories":[1085],"tags":[3152,2744,3153,3151,3150],"class_list":["post-11274","post","type-post","status-publish","format-standard","has-post-thumbnail","hentry","category-sport-fr","tag-albertville","tag-danemark","tag-megeve","tag-suisse","tag-tour-de-france-2022"],"yoast_head":"<!-- This site is optimized with the Yoast SEO plugin v27.4 - https:\/\/yoast.com\/product\/yoast-seo-wordpress\/ -->\n<title>Les 21 \u00e9tapes du Tour de France 2022 - Snipool<\/title>\n<meta name=\"description\" content=\"Dans sa 109e \u00e9dition, le parcours du Tour de France 2022 inclut 21 \u00e9tapes. La comp\u00e9tition va se d\u00e9rouler du 1er au 24 juillet.\" \/>\n<meta name=\"robots\" content=\"index, follow, max-snippet:-1, max-image-preview:large, max-video-preview:-1\" \/>\n<link rel=\"canonical\" href=\"https:\/\/snipool.com\/fr\/les-21-etapes-du-tour-de-france-2022\/\" \/>\n<meta property=\"og:locale\" content=\"fr_FR\" \/>\n<meta property=\"og:type\" content=\"article\" \/>\n<meta property=\"og:title\" content=\"Les 21 \u00e9tapes du Tour de France 2022 - Snipool\" \/>\n<meta property=\"og:description\" content=\"Dans sa 109e \u00e9dition, le parcours du Tour de France 2022 inclut 21 \u00e9tapes. La comp\u00e9tition va se d\u00e9rouler du 1er au 24 juillet.\" \/>\n<meta property=\"og:url\" content=\"https:\/\/snipool.com\/fr\/les-21-etapes-du-tour-de-france-2022\/\" \/>\n<meta property=\"og:site_name\" content=\"Snipool\" \/>\n<meta property=\"article:publisher\" content=\"https:\/\/www.facebook.com\/profile.php?id=100063508899183\" \/>\n<meta property=\"article:published_time\" content=\"2021-10-18T15:45:34+00:00\" \/>\n<meta property=\"og:image\" content=\"https:\/\/snipool.com\/wp-content\/uploads\/2021\/10\/wheel-g66c86b541_640.jpg\" \/>\n\t<meta property=\"og:image:width\" content=\"640\" \/>\n\t<meta property=\"og:image:height\" content=\"359\" \/>\n\t<meta property=\"og:image:type\" content=\"image\/jpeg\" \/>\n<meta name=\"author\" content=\"admin\" \/>\n<meta name=\"twitter:card\" content=\"summary_large_image\" \/>\n<meta name=\"twitter:label1\" content=\"\u00c9crit par\" \/>\n\t<meta name=\"twitter:data1\" content=\"admin\" \/>\n\t<meta name=\"twitter:label2\" content=\"Dur\u00e9e de lecture estim\u00e9e\" \/>\n\t<meta name=\"twitter:data2\" content=\"1 minute\" \/>\n<script type=\"application\/ld+json\" class=\"yoast-schema-graph\">{\"@context\":\"https:\\\/\\\/schema.org\",\"@graph\":[{\"@type\":\"Article\",\"@id\":\"https:\\\/\\\/snipool.com\\\/fr\\\/les-21-etapes-du-tour-de-france-2022\\\/#article\",\"isPartOf\":{\"@id\":\"https:\\\/\\\/snipool.com\\\/fr\\\/les-21-etapes-du-tour-de-france-2022\\\/\"},\"author\":{\"name\":\"admin\",\"@id\":\"https:\\\/\\\/snipool.com\\\/fr\\\/#\\\/schema\\\/person\\\/860787573296a9e9bafa0bb8b04d90cb\"},\"headline\":\"Les 21 \u00e9tapes du Tour de France 2022\",\"datePublished\":\"2021-10-18T15:45:34+00:00\",\"mainEntityOfPage\":{\"@id\":\"https:\\\/\\\/snipool.com\\\/fr\\\/les-21-etapes-du-tour-de-france-2022\\\/\"},\"wordCount\":183,\"commentCount\":0,\"publisher\":{\"@id\":\"https:\\\/\\\/snipool.com\\\/fr\\\/#organization\"},\"image\":{\"@id\":\"https:\\\/\\\/snipool.com\\\/fr\\\/les-21-etapes-du-tour-de-france-2022\\\/#primaryimage\"},\"thumbnailUrl\":\"https:\\\/\\\/snipool.com\\\/wp-content\\\/uploads\\\/2021\\\/10\\\/wheel-g66c86b541_640.jpg\",\"keywords\":[\"Albertville\",\"Danemark\",\"Meg\u00e8ve\",\"Suisse\",\"Tour de France 2022\"],\"articleSection\":[\"Sport\"],\"inLanguage\":\"fr-FR\",\"potentialAction\":[{\"@type\":\"CommentAction\",\"name\":\"Comment\",\"target\":[\"https:\\\/\\\/snipool.com\\\/fr\\\/les-21-etapes-du-tour-de-france-2022\\\/#respond\"]}]},{\"@type\":\"WebPage\",\"@id\":\"https:\\\/\\\/snipool.com\\\/fr\\\/les-21-etapes-du-tour-de-france-2022\\\/\",\"url\":\"https:\\\/\\\/snipool.com\\\/fr\\\/les-21-etapes-du-tour-de-france-2022\\\/\",\"name\":\"Les 21 \u00e9tapes du Tour de France 2022 - Snipool\",\"isPartOf\":{\"@id\":\"https:\\\/\\\/snipool.com\\\/fr\\\/#website\"},\"primaryImageOfPage\":{\"@id\":\"https:\\\/\\\/snipool.com\\\/fr\\\/les-21-etapes-du-tour-de-france-2022\\\/#primaryimage\"},\"image\":{\"@id\":\"https:\\\/\\\/snipool.com\\\/fr\\\/les-21-etapes-du-tour-de-france-2022\\\/#primaryimage\"},\"thumbnailUrl\":\"https:\\\/\\\/snipool.com\\\/wp-content\\\/uploads\\\/2021\\\/10\\\/wheel-g66c86b541_640.jpg\",\"datePublished\":\"2021-10-18T15:45:34+00:00\",\"description\":\"Dans sa 109e \u00e9dition, le parcours du Tour de France 2022 inclut 21 \u00e9tapes. La comp\u00e9tition va se d\u00e9rouler du 1er au 24 juillet.\",\"breadcrumb\":{\"@id\":\"https:\\\/\\\/snipool.com\\\/fr\\\/les-21-etapes-du-tour-de-france-2022\\\/#breadcrumb\"},\"inLanguage\":\"fr-FR\",\"potentialAction\":[{\"@type\":\"ReadAction\",\"target\":[\"https:\\\/\\\/snipool.com\\\/fr\\\/les-21-etapes-du-tour-de-france-2022\\\/\"]}]},{\"@type\":\"ImageObject\",\"inLanguage\":\"fr-FR\",\"@id\":\"https:\\\/\\\/snipool.com\\\/fr\\\/les-21-etapes-du-tour-de-france-2022\\\/#primaryimage\",\"url\":\"https:\\\/\\\/snipool.com\\\/wp-content\\\/uploads\\\/2021\\\/10\\\/wheel-g66c86b541_640.jpg\",\"contentUrl\":\"https:\\\/\\\/snipool.com\\\/wp-content\\\/uploads\\\/2021\\\/10\\\/wheel-g66c86b541_640.jpg\",\"width\":640,\"height\":359},{\"@type\":\"BreadcrumbList\",\"@id\":\"https:\\\/\\\/snipool.com\\\/fr\\\/les-21-etapes-du-tour-de-france-2022\\\/#breadcrumb\",\"itemListElement\":[{\"@type\":\"ListItem\",\"position\":1,\"name\":\"Home\",\"item\":\"https:\\\/\\\/snipool.com\\\/fr\\\/accueil\\\/\"},{\"@type\":\"ListItem\",\"position\":2,\"name\":\"Les 21 \u00e9tapes du Tour de France 2022\"}]},{\"@type\":\"WebSite\",\"@id\":\"https:\\\/\\\/snipool.com\\\/fr\\\/#website\",\"url\":\"https:\\\/\\\/snipool.com\\\/fr\\\/\",\"name\":\"Snipool\",\"description\":\"\u0415\u043d\u0446\u0438\u043a\u043b\u043e\u043f\u0435\u0434\u0438\u044f\",\"publisher\":{\"@id\":\"https:\\\/\\\/snipool.com\\\/fr\\\/#organization\"},\"potentialAction\":[{\"@type\":\"SearchAction\",\"target\":{\"@type\":\"EntryPoint\",\"urlTemplate\":\"https:\\\/\\\/snipool.com\\\/fr\\\/?s={search_term_string}\"},\"query-input\":{\"@type\":\"PropertyValueSpecification\",\"valueRequired\":true,\"valueName\":\"search_term_string\"}}],\"inLanguage\":\"fr-FR\"},{\"@type\":\"Organization\",\"@id\":\"https:\\\/\\\/snipool.com\\\/fr\\\/#organization\",\"name\":\"Snipool\",\"url\":\"https:\\\/\\\/snipool.com\\\/fr\\\/\",\"logo\":{\"@type\":\"ImageObject\",\"inLanguage\":\"fr-FR\",\"@id\":\"https:\\\/\\\/snipool.com\\\/fr\\\/#\\\/schema\\\/logo\\\/image\\\/\",\"url\":\"https:\\\/\\\/snipool.com\\\/wp-content\\\/uploads\\\/2023\\\/10\\\/logos.png\",\"contentUrl\":\"https:\\\/\\\/snipool.com\\\/wp-content\\\/uploads\\\/2023\\\/10\\\/logos.png\",\"width\":380,\"height\":380,\"caption\":\"Snipool\"},\"image\":{\"@id\":\"https:\\\/\\\/snipool.com\\\/fr\\\/#\\\/schema\\\/logo\\\/image\\\/\"},\"sameAs\":[\"https:\\\/\\\/www.facebook.com\\\/profile.php?id=100063508899183\",\"https:\\\/\\\/www.youtube.com\\\/channel\\\/UCEOTSSOX8TuyuJTr2ZfeRDQ\",\"https:\\\/\\\/www.instagram.com\\\/snipool_com\\\/\"]},{\"@type\":\"Person\",\"@id\":\"https:\\\/\\\/snipool.com\\\/fr\\\/#\\\/schema\\\/person\\\/860787573296a9e9bafa0bb8b04d90cb\",\"name\":\"admin\",\"image\":{\"@type\":\"ImageObject\",\"inLanguage\":\"fr-FR\",\"@id\":\"https:\\\/\\\/snipool.com\\\/wp-content\\\/litespeed\\\/avatar\\\/b9df58bb9afe84087d1c305df70ce2ce.jpg?ver=1777671703\",\"url\":\"https:\\\/\\\/snipool.com\\\/wp-content\\\/litespeed\\\/avatar\\\/b9df58bb9afe84087d1c305df70ce2ce.jpg?ver=1777671703\",\"contentUrl\":\"https:\\\/\\\/snipool.com\\\/wp-content\\\/litespeed\\\/avatar\\\/b9df58bb9afe84087d1c305df70ce2ce.jpg?ver=1777671703\",\"caption\":\"admin\"}}]}<\/script>\n<!-- \/ Yoast SEO plugin. -->","yoast_head_json":{"title":"Les 21 \u00e9tapes du Tour de France 2022 - Snipool","description":"Dans sa 109e \u00e9dition, le parcours du Tour de France 2022 inclut 21 \u00e9tapes. La comp\u00e9tition va se d\u00e9rouler du 1er au 24 juillet.","robots":{"index":"index","follow":"follow","max-snippet":"max-snippet:-1","max-image-preview":"max-image-preview:large","max-video-preview":"max-video-preview:-1"},"canonical":"https:\/\/snipool.com\/fr\/les-21-etapes-du-tour-de-france-2022\/","og_locale":"fr_FR","og_type":"article","og_title":"Les 21 \u00e9tapes du Tour de France 2022 - Snipool","og_description":"Dans sa 109e \u00e9dition, le parcours du Tour de France 2022 inclut 21 \u00e9tapes. La comp\u00e9tition va se d\u00e9rouler du 1er au 24 juillet.","og_url":"https:\/\/snipool.com\/fr\/les-21-etapes-du-tour-de-france-2022\/","og_site_name":"Snipool","article_publisher":"https:\/\/www.facebook.com\/profile.php?id=100063508899183","article_published_time":"2021-10-18T15:45:34+00:00","og_image":[{"width":640,"height":359,"url":"https:\/\/snipool.com\/wp-content\/uploads\/2021\/10\/wheel-g66c86b541_640.jpg","type":"image\/jpeg"}],"author":"admin","twitter_card":"summary_large_image","twitter_misc":{"\u00c9crit par":"admin","Dur\u00e9e de lecture estim\u00e9e":"1 minute"},"schema":{"@context":"https:\/\/schema.org","@graph":[{"@type":"Article","@id":"https:\/\/snipool.com\/fr\/les-21-etapes-du-tour-de-france-2022\/#article","isPartOf":{"@id":"https:\/\/snipool.com\/fr\/les-21-etapes-du-tour-de-france-2022\/"},"author":{"name":"admin","@id":"https:\/\/snipool.com\/fr\/#\/schema\/person\/860787573296a9e9bafa0bb8b04d90cb"},"headline":"Les 21 \u00e9tapes du Tour de France 2022","datePublished":"2021-10-18T15:45:34+00:00","mainEntityOfPage":{"@id":"https:\/\/snipool.com\/fr\/les-21-etapes-du-tour-de-france-2022\/"},"wordCount":183,"commentCount":0,"publisher":{"@id":"https:\/\/snipool.com\/fr\/#organization"},"image":{"@id":"https:\/\/snipool.com\/fr\/les-21-etapes-du-tour-de-france-2022\/#primaryimage"},"thumbnailUrl":"https:\/\/snipool.com\/wp-content\/uploads\/2021\/10\/wheel-g66c86b541_640.jpg","keywords":["Albertville","Danemark","Meg\u00e8ve","Suisse","Tour de France 2022"],"articleSection":["Sport"],"inLanguage":"fr-FR","potentialAction":[{"@type":"CommentAction","name":"Comment","target":["https:\/\/snipool.com\/fr\/les-21-etapes-du-tour-de-france-2022\/#respond"]}]},{"@type":"WebPage","@id":"https:\/\/snipool.com\/fr\/les-21-etapes-du-tour-de-france-2022\/","url":"https:\/\/snipool.com\/fr\/les-21-etapes-du-tour-de-france-2022\/","name":"Les 21 \u00e9tapes du Tour de France 2022 - Snipool","isPartOf":{"@id":"https:\/\/snipool.com\/fr\/#website"},"primaryImageOfPage":{"@id":"https:\/\/snipool.com\/fr\/les-21-etapes-du-tour-de-france-2022\/#primaryimage"},"image":{"@id":"https:\/\/snipool.com\/fr\/les-21-etapes-du-tour-de-france-2022\/#primaryimage"},"thumbnailUrl":"https:\/\/snipool.com\/wp-content\/uploads\/2021\/10\/wheel-g66c86b541_640.jpg","datePublished":"2021-10-18T15:45:34+00:00","description":"Dans sa 109e \u00e9dition, le parcours du Tour de France 2022 inclut 21 \u00e9tapes. La comp\u00e9tition va se d\u00e9rouler du 1er au 24 juillet.","breadcrumb":{"@id":"https:\/\/snipool.com\/fr\/les-21-etapes-du-tour-de-france-2022\/#breadcrumb"},"inLanguage":"fr-FR","potentialAction":[{"@type":"ReadAction","target":["https:\/\/snipool.com\/fr\/les-21-etapes-du-tour-de-france-2022\/"]}]},{"@type":"ImageObject","inLanguage":"fr-FR","@id":"https:\/\/snipool.com\/fr\/les-21-etapes-du-tour-de-france-2022\/#primaryimage","url":"https:\/\/snipool.com\/wp-content\/uploads\/2021\/10\/wheel-g66c86b541_640.jpg","contentUrl":"https:\/\/snipool.com\/wp-content\/uploads\/2021\/10\/wheel-g66c86b541_640.jpg","width":640,"height":359},{"@type":"BreadcrumbList","@id":"https:\/\/snipool.com\/fr\/les-21-etapes-du-tour-de-france-2022\/#breadcrumb","itemListElement":[{"@type":"ListItem","position":1,"name":"Home","item":"https:\/\/snipool.com\/fr\/accueil\/"},{"@type":"ListItem","position":2,"name":"Les 21 \u00e9tapes du Tour de France 2022"}]},{"@type":"WebSite","@id":"https:\/\/snipool.com\/fr\/#website","url":"https:\/\/snipool.com\/fr\/","name":"Snipool","description":"\u0415\u043d\u0446\u0438\u043a\u043b\u043e\u043f\u0435\u0434\u0438\u044f","publisher":{"@id":"https:\/\/snipool.com\/fr\/#organization"},"potentialAction":[{"@type":"SearchAction","target":{"@type":"EntryPoint","urlTemplate":"https:\/\/snipool.com\/fr\/?s={search_term_string}"},"query-input":{"@type":"PropertyValueSpecification","valueRequired":true,"valueName":"search_term_string"}}],"inLanguage":"fr-FR"},{"@type":"Organization","@id":"https:\/\/snipool.com\/fr\/#organization","name":"Snipool","url":"https:\/\/snipool.com\/fr\/","logo":{"@type":"ImageObject","inLanguage":"fr-FR","@id":"https:\/\/snipool.com\/fr\/#\/schema\/logo\/image\/","url":"https:\/\/snipool.com\/wp-content\/uploads\/2023\/10\/logos.png","contentUrl":"https:\/\/snipool.com\/wp-content\/uploads\/2023\/10\/logos.png","width":380,"height":380,"caption":"Snipool"},"image":{"@id":"https:\/\/snipool.com\/fr\/#\/schema\/logo\/image\/"},"sameAs":["https:\/\/www.facebook.com\/profile.php?id=100063508899183","https:\/\/www.youtube.com\/channel\/UCEOTSSOX8TuyuJTr2ZfeRDQ","https:\/\/www.instagram.com\/snipool_com\/"]},{"@type":"Person","@id":"https:\/\/snipool.com\/fr\/#\/schema\/person\/860787573296a9e9bafa0bb8b04d90cb","name":"admin","image":{"@type":"ImageObject","inLanguage":"fr-FR","@id":"https:\/\/snipool.com\/wp-content\/litespeed\/avatar\/b9df58bb9afe84087d1c305df70ce2ce.jpg?ver=1777671703","url":"https:\/\/snipool.com\/wp-content\/litespeed\/avatar\/b9df58bb9afe84087d1c305df70ce2ce.jpg?ver=1777671703","contentUrl":"https:\/\/snipool.com\/wp-content\/litespeed\/avatar\/b9df58bb9afe84087d1c305df70ce2ce.jpg?ver=1777671703","caption":"admin"}}]}},"_links":{"self":[{"href":"https:\/\/snipool.com\/fr\/wp-json\/wp\/v2\/posts\/11274","targetHints":{"allow":["GET"]}}],"collection":[{"href":"https:\/\/snipool.com\/fr\/wp-json\/wp\/v2\/posts"}],"about":[{"href":"https:\/\/snipool.com\/fr\/wp-json\/wp\/v2\/types\/post"}],"author":[{"embeddable":true,"href":"https:\/\/snipool.com\/fr\/wp-json\/wp\/v2\/users\/1"}],"replies":[{"embeddable":true,"href":"https:\/\/snipool.com\/fr\/wp-json\/wp\/v2\/comments?post=11274"}],"version-history":[{"count":0,"href":"https:\/\/snipool.com\/fr\/wp-json\/wp\/v2\/posts\/11274\/revisions"}],"wp:featuredmedia":[{"embeddable":true,"href":"https:\/\/snipool.com\/fr\/wp-json\/wp\/v2\/media\/11275"}],"wp:attachment":[{"href":"https:\/\/snipool.com\/fr\/wp-json\/wp\/v2\/media?parent=11274"}],"wp:term":[{"taxonomy":"category","embeddable":true,"href":"https:\/\/snipool.com\/fr\/wp-json\/wp\/v2\/categories?post=11274"},{"taxonomy":"post_tag","embeddable":true,"href":"https:\/\/snipool.com\/fr\/wp-json\/wp\/v2\/tags?post=11274"}],"curies":[{"name":"wp","href":"https:\/\/api.w.org\/{rel}","templated":true}]}}