{"id":40946,"date":"2026-08-31T13:57:53","date_gmt":"2026-08-31T13:57:53","guid":{"rendered":"https:\/\/snipool.com\/fernando-de-magallanes\/"},"modified":"2026-08-31T16:31:13","modified_gmt":"2026-08-31T16:31:13","slug":"fernando-de-magallanes","status":"publish","type":"post","link":"https:\/\/snipool.com\/es\/fernando-de-magallanes\/","title":{"rendered":"Fernando de Magallanes"},"content":{"rendered":"<p class=\"isSelectedEnd\">Fernando de Magallanes, que se convertir\u00eda en un c\u00e9lebre navegante portugu\u00e9s, naci\u00f3 alrededor de 1480 en Oporto o en Sabrosa, en la regi\u00f3n de Tr\u00e1s-os-Montes. Hijo de un noble portugu\u00e9s, Fernando fue educado en la corte de Juan II de Portugal. Despu\u00e9s de 1495, el joven entr\u00f3 al servicio de Manuel I, quien sucedi\u00f3 en el trono.<\/p>\n<p class=\"isSelectedEnd\">A partir de 1505, Fernando particip\u00f3 en diversas expediciones mar\u00edtimas hacia la India y las islas de las Especias, en el sudeste asi\u00e1tico, que le permitieron adquirir una amplia experiencia en navegaci\u00f3n. El marino regres\u00f3 a Portugal en 1512, donde particip\u00f3 en combates en el norte de \u00c1frica. Sin embargo, Magallanes cay\u00f3 en desgracia ante el rey y tuvo que abandonar el servicio real. Entonces rompi\u00f3 con su pa\u00eds natal y se dirigi\u00f3 a Espa\u00f1a. Gracias a la ayuda de amigos influyentes, fue presentado al rey Carlos I de Espa\u00f1a, futuro emperador Carlos V, y le propuso un plan: llegar a las islas de las Especias, no por la ruta conocida que bordeaba \u00c1frica, sino navegando hacia el oeste, atravesando el oc\u00e9ano Atl\u00e1ntico y buscando despu\u00e9s un paso a trav\u00e9s de Am\u00e9rica del Sur.<\/p>\n<p class=\"isSelectedEnd\">Carlos V qued\u00f3 impresionado por el proyecto. En 1518 se firm\u00f3 un contrato que garantizaba a Magallanes una parte de los ingresos de las tierras que pudiera descubrir durante su viaje. El acuerdo tambi\u00e9n le conced\u00eda determinados derechos sobre los territorios descubiertos, as\u00ed como a sus descendientes.<\/p>\n<p class=\"isSelectedEnd\">El 20 de septiembre de 1519, Fernando, al frente de una expedici\u00f3n de cinco barcos, parti\u00f3 de Sanl\u00facar de Barrameda, despu\u00e9s de haber salido de Sevilla, y se hizo a la mar. La flota pas\u00f3 por las islas Canarias, atraves\u00f3 despu\u00e9s el Atl\u00e1ntico y alcanz\u00f3 la costa de Brasil. A continuaci\u00f3n, los marinos bordearon la costa de Am\u00e9rica del Sur hacia el sur y exploraron el estuario del R\u00edo de la Plata en busca de un paso hacia el oeste. Al no encontrar ninguna ruta de paso, la expedici\u00f3n continu\u00f3 su viaje a lo largo de la costa de la Patagonia. A finales de marzo de 1520, los marinos establecieron sus cuarteles de invierno en Puerto San Juli\u00e1n, donde Magallanes tuvo que sofocar un importante mot\u00edn de sus hombres.<\/p>\n<p class=\"isSelectedEnd\">La expedici\u00f3n volvi\u00f3 a hacerse a la mar el 24 de agosto de 1520 y, el 21 de octubre, lleg\u00f3 finalmente a la entrada del estrecho que llevaba varios meses buscando. Este paso ser\u00eda conocido posteriormente como el \u00abestrecho de Magallanes\u00bb. La traves\u00eda del estrecho fue extremadamente dif\u00edcil y dur\u00f3 treinta y ocho d\u00edas. Mientras tanto, el barco Santiago naufrag\u00f3 y el San Antonio abandon\u00f3 la expedici\u00f3n y regres\u00f3 a Espa\u00f1a. Finalmente, los tres barcos restantes alcanzaron el gran oc\u00e9ano, donde reinaba una relativa calma, lo que llev\u00f3 a Magallanes a llamarlo \u00abPac\u00edfico\u00bb. Los marinos navegaron por este oc\u00e9ano durante casi tres meses. La traves\u00eda puso a los hombres al l\u00edmite de sus fuerzas: las provisiones y el agua dulce comenzaron a escasear a bordo; las p\u00e9rdidas humanas causadas por el escorbuto fueron considerables y, para empeorar a\u00fan m\u00e1s la situaci\u00f3n, el estado de \u00e1nimo de la tripulaci\u00f3n se volvi\u00f3 cada vez m\u00e1s preocupante.<\/p>\n<p class=\"isSelectedEnd\">El 6 de marzo de 1521, la flota lleg\u00f3 finalmente a Guam, en las islas Marianas, donde los marinos permanecieron alg\u00fan tiempo para descansar y reponer sus provisiones. Despu\u00e9s continuaron su viaje hacia las Filipinas, a las que llegaron pocos d\u00edas m\u00e1s tarde.<\/p>\n<p class=\"isSelectedEnd\">Posteriormente, la expedici\u00f3n continu\u00f3 su recorrido por las Filipinas. Magallanes lleg\u00f3 a la isla de Mact\u00e1n e intent\u00f3 imponer la autoridad de Espa\u00f1a al jefe local, Lapulapu. El 27 de abril de 1521, el navegante muri\u00f3 durante los combates con los habitantes de la isla. Parte de su tripulaci\u00f3n tambi\u00e9n perdi\u00f3 la vida. Los supervivientes abandonaron posteriormente las Filipinas con los barcos que quedaban. En su camino hacia Europa, llegaron a las islas Molucas, en la actual Indonesia, donde cargaron una valiosa cantidad de especias.<\/p>\n<p>Solo uno de los cinco barcos de la expedici\u00f3n de Fernando de Magallanes, el Victoria, consigui\u00f3 finalmente regresar a Espa\u00f1a. Bajo el mando de Juan Sebasti\u00e1n Elcano, el barco lleg\u00f3 a Sanl\u00facar de Barrameda el 6 de septiembre de 1522, despu\u00e9s de haber seguido la ruta alrededor del cabo de Buena Esperanza. Este regreso complet\u00f3 la primera circunnavegaci\u00f3n conocida de la Tierra, aunque el propio Magallanes no vivi\u00f3 lo suficiente para llevarla a cabo.<\/p>\n","protected":false},"excerpt":{"rendered":"<p>Fernando de Magallanes, que se convertir\u00eda en un c\u00e9lebre navegante portugu\u00e9s, naci\u00f3 alrededor de 1480 en Oporto o en Sabrosa, en la regi\u00f3n de Tr\u00e1s-os-Montes. Hijo de un noble portugu\u00e9s, Fernando fue educado en la corte de Juan II de Portugal. Despu\u00e9s de 1495, el joven entr\u00f3 al servicio de Manuel I, quien sucedi\u00f3 en &hellip;<\/p>\n","protected":false},"author":3,"featured_media":40945,"comment_status":"open","ping_status":"open","sticky":false,"template":"","format":"standard","meta":{"footnotes":""},"categories":[14604],"tags":[18014,17956,18015,18013],"class_list":["post-40946","post","type-post","status-publish","format-standard","has-post-thumbnail","hentry","category-historia","tag-descubrimiento-del-estrecho-de-magallanes","tag-fernando-de-magallanes","tag-muerte-de-fernando-de-magallanes","tag-viaje-de-magallanes-alrededor-del-mundo"],"yoast_head":"<!-- This site is optimized with the Yoast SEO plugin v28.3 - https:\/\/yoast.com\/product\/yoast-seo-wordpress\/ -->\n<title>Fernando de Magallanes - Snipool<\/title>\n<meta name=\"description\" content=\"Fernando de Magallanes y su expedici\u00f3n: el estrecho de Magallanes, el viaje por el Pac\u00edfico y la primera circunnavegaci\u00f3n de la Tierra.\" \/>\n<meta name=\"robots\" content=\"index, follow, max-snippet:-1, max-image-preview:large, max-video-preview:-1\" \/>\n<link rel=\"canonical\" href=\"https:\/\/snipool.com\/es\/fernando-de-magallanes\/\" \/>\n<meta property=\"og:locale\" content=\"es_ES\" \/>\n<meta property=\"og:type\" content=\"article\" \/>\n<meta property=\"og:title\" content=\"Fernando de Magallanes - Snipool\" \/>\n<meta property=\"og:description\" content=\"Fernando de Magallanes y su expedici\u00f3n: el estrecho de Magallanes, el viaje por el Pac\u00edfico y la primera circunnavegaci\u00f3n de la Tierra.\" \/>\n<meta property=\"og:url\" content=\"https:\/\/snipool.com\/es\/fernando-de-magallanes\/\" \/>\n<meta property=\"og:site_name\" content=\"Snipool\" \/>\n<meta property=\"article:publisher\" content=\"https:\/\/www.facebook.com\/profile.php?id=100063508899183\" \/>\n<meta property=\"article:published_time\" content=\"2026-08-31T13:57:53+00:00\" \/>\n<meta property=\"article:modified_time\" content=\"2026-08-31T16:31:13+00:00\" \/>\n<meta property=\"og:image\" content=\"https:\/\/snipool.com\/wp-content\/uploads\/2025\/03\/Fernand-de-Magellan.jpg\" \/>\n\t<meta property=\"og:image:width\" content=\"1280\" \/>\n\t<meta property=\"og:image:height\" content=\"853\" \/>\n\t<meta property=\"og:image:type\" content=\"image\/jpeg\" \/>\n<meta name=\"author\" content=\"snipool\" \/>\n<meta name=\"twitter:card\" content=\"summary_large_image\" \/>\n<meta name=\"twitter:label1\" content=\"Escrito por\" \/>\n\t<meta name=\"twitter:data1\" content=\"snipool\" \/>\n\t<meta name=\"twitter:label2\" content=\"Tiempo de lectura\" \/>\n\t<meta name=\"twitter:data2\" content=\"4 minutos\" \/>\n<script type=\"application\/ld+json\" class=\"yoast-schema-graph\">{\"@context\":\"https:\\\/\\\/schema.org\",\"@graph\":[{\"@type\":\"Article\",\"@id\":\"https:\\\/\\\/snipool.com\\\/es\\\/fernando-de-magallanes\\\/#article\",\"isPartOf\":{\"@id\":\"https:\\\/\\\/snipool.com\\\/es\\\/fernando-de-magallanes\\\/\"},\"author\":{\"name\":\"snipool\",\"@id\":\"https:\\\/\\\/snipool.com\\\/es\\\/#\\\/schema\\\/person\\\/ffb130c1d9a37f3334a8c388848476b2\"},\"headline\":\"Fernando de Magallanes\",\"datePublished\":\"2026-08-31T13:57:53+00:00\",\"dateModified\":\"2026-08-31T16:31:13+00:00\",\"mainEntityOfPage\":{\"@id\":\"https:\\\/\\\/snipool.com\\\/es\\\/fernando-de-magallanes\\\/\"},\"wordCount\":773,\"commentCount\":0,\"publisher\":{\"@id\":\"https:\\\/\\\/snipool.com\\\/es\\\/#organization\"},\"image\":{\"@id\":\"https:\\\/\\\/snipool.com\\\/es\\\/fernando-de-magallanes\\\/#primaryimage\"},\"thumbnailUrl\":\"https:\\\/\\\/snipool.com\\\/wp-content\\\/uploads\\\/2025\\\/03\\\/Fernand-de-Magellan.jpg\",\"keywords\":[\"descubrimiento del estrecho de Magallanes\",\"Fernando de Magallanes\",\"muerte de Fernando de Magallanes\",\"viaje de Magallanes alrededor del mundo\"],\"articleSection\":[\"Historia\"],\"inLanguage\":\"es\",\"potentialAction\":[{\"@type\":\"CommentAction\",\"name\":\"Comment\",\"target\":[\"https:\\\/\\\/snipool.com\\\/es\\\/fernando-de-magallanes\\\/#respond\"]}]},{\"@type\":\"WebPage\",\"@id\":\"https:\\\/\\\/snipool.com\\\/es\\\/fernando-de-magallanes\\\/\",\"url\":\"https:\\\/\\\/snipool.com\\\/es\\\/fernando-de-magallanes\\\/\",\"name\":\"Fernando de Magallanes - Snipool\",\"isPartOf\":{\"@id\":\"https:\\\/\\\/snipool.com\\\/es\\\/#website\"},\"primaryImageOfPage\":{\"@id\":\"https:\\\/\\\/snipool.com\\\/es\\\/fernando-de-magallanes\\\/#primaryimage\"},\"image\":{\"@id\":\"https:\\\/\\\/snipool.com\\\/es\\\/fernando-de-magallanes\\\/#primaryimage\"},\"thumbnailUrl\":\"https:\\\/\\\/snipool.com\\\/wp-content\\\/uploads\\\/2025\\\/03\\\/Fernand-de-Magellan.jpg\",\"datePublished\":\"2026-08-31T13:57:53+00:00\",\"dateModified\":\"2026-08-31T16:31:13+00:00\",\"description\":\"Fernando de Magallanes y su expedici\u00f3n: el estrecho de Magallanes, el viaje por el Pac\u00edfico y la primera circunnavegaci\u00f3n de la Tierra.\",\"breadcrumb\":{\"@id\":\"https:\\\/\\\/snipool.com\\\/es\\\/fernando-de-magallanes\\\/#breadcrumb\"},\"inLanguage\":\"es\",\"potentialAction\":[{\"@type\":\"ReadAction\",\"target\":[\"https:\\\/\\\/snipool.com\\\/es\\\/fernando-de-magallanes\\\/\"]}]},{\"@type\":\"ImageObject\",\"inLanguage\":\"es\",\"@id\":\"https:\\\/\\\/snipool.com\\\/es\\\/fernando-de-magallanes\\\/#primaryimage\",\"url\":\"https:\\\/\\\/snipool.com\\\/wp-content\\\/uploads\\\/2025\\\/03\\\/Fernand-de-Magellan.jpg\",\"contentUrl\":\"https:\\\/\\\/snipool.com\\\/wp-content\\\/uploads\\\/2025\\\/03\\\/Fernand-de-Magellan.jpg\",\"width\":1280,\"height\":853},{\"@type\":\"BreadcrumbList\",\"@id\":\"https:\\\/\\\/snipool.com\\\/es\\\/fernando-de-magallanes\\\/#breadcrumb\",\"itemListElement\":[{\"@type\":\"ListItem\",\"position\":1,\"name\":\"Home\",\"item\":\"https:\\\/\\\/snipool.com\\\/es\\\/\"},{\"@type\":\"ListItem\",\"position\":2,\"name\":\"Fernando de Magallanes\"}]},{\"@type\":\"WebSite\",\"@id\":\"https:\\\/\\\/snipool.com\\\/es\\\/#website\",\"url\":\"https:\\\/\\\/snipool.com\\\/es\\\/\",\"name\":\"Snipool\",\"description\":\"\u0415\u043d\u0446\u0438\u043a\u043b\u043e\u043f\u0435\u0434\u0438\u044f\",\"publisher\":{\"@id\":\"https:\\\/\\\/snipool.com\\\/es\\\/#organization\"},\"potentialAction\":[{\"@type\":\"SearchAction\",\"target\":{\"@type\":\"EntryPoint\",\"urlTemplate\":\"https:\\\/\\\/snipool.com\\\/es\\\/?s={search_term_string}\"},\"query-input\":{\"@type\":\"PropertyValueSpecification\",\"valueRequired\":true,\"valueName\":\"search_term_string\"}}],\"inLanguage\":\"es\"},{\"@type\":\"Organization\",\"@id\":\"https:\\\/\\\/snipool.com\\\/es\\\/#organization\",\"name\":\"Snipool\",\"url\":\"https:\\\/\\\/snipool.com\\\/es\\\/\",\"logo\":{\"@type\":\"ImageObject\",\"inLanguage\":\"es\",\"@id\":\"https:\\\/\\\/snipool.com\\\/es\\\/#\\\/schema\\\/logo\\\/image\\\/\",\"url\":\"https:\\\/\\\/snipool.com\\\/wp-content\\\/uploads\\\/2023\\\/10\\\/logos.png\",\"contentUrl\":\"https:\\\/\\\/snipool.com\\\/wp-content\\\/uploads\\\/2023\\\/10\\\/logos.png\",\"width\":380,\"height\":380,\"caption\":\"Snipool\"},\"image\":{\"@id\":\"https:\\\/\\\/snipool.com\\\/es\\\/#\\\/schema\\\/logo\\\/image\\\/\"},\"sameAs\":[\"https:\\\/\\\/www.facebook.com\\\/profile.php?id=100063508899183\",\"https:\\\/\\\/www.youtube.com\\\/channel\\\/UCEOTSSOX8TuyuJTr2ZfeRDQ\",\"https:\\\/\\\/www.instagram.com\\\/snipool_com\\\/\"]},{\"@type\":\"Person\",\"@id\":\"https:\\\/\\\/snipool.com\\\/es\\\/#\\\/schema\\\/person\\\/ffb130c1d9a37f3334a8c388848476b2\",\"name\":\"snipool\",\"image\":{\"@type\":\"ImageObject\",\"inLanguage\":\"es\",\"@id\":\"https:\\\/\\\/snipool.com\\\/wp-content\\\/litespeed\\\/avatar\\\/ab7d858bfdc8a268ec80c223cc486fc4.jpg?ver=1787677003\",\"url\":\"https:\\\/\\\/snipool.com\\\/wp-content\\\/litespeed\\\/avatar\\\/ab7d858bfdc8a268ec80c223cc486fc4.jpg?ver=1787677003\",\"contentUrl\":\"https:\\\/\\\/snipool.com\\\/wp-content\\\/litespeed\\\/avatar\\\/ab7d858bfdc8a268ec80c223cc486fc4.jpg?ver=1787677003\",\"caption\":\"snipool\"}}]}<\/script>\n<!-- \/ Yoast SEO plugin. -->","yoast_head_json":{"title":"Fernando de Magallanes - Snipool","description":"Fernando de Magallanes y su expedici\u00f3n: el estrecho de Magallanes, el viaje por el Pac\u00edfico y la primera circunnavegaci\u00f3n de la Tierra.","robots":{"index":"index","follow":"follow","max-snippet":"max-snippet:-1","max-image-preview":"max-image-preview:large","max-video-preview":"max-video-preview:-1"},"canonical":"https:\/\/snipool.com\/es\/fernando-de-magallanes\/","og_locale":"es_ES","og_type":"article","og_title":"Fernando de Magallanes - Snipool","og_description":"Fernando de Magallanes y su expedici\u00f3n: el estrecho de Magallanes, el viaje por el Pac\u00edfico y la primera circunnavegaci\u00f3n de la Tierra.","og_url":"https:\/\/snipool.com\/es\/fernando-de-magallanes\/","og_site_name":"Snipool","article_publisher":"https:\/\/www.facebook.com\/profile.php?id=100063508899183","article_published_time":"2026-08-31T13:57:53+00:00","article_modified_time":"2026-08-31T16:31:13+00:00","og_image":[{"width":1280,"height":853,"url":"https:\/\/snipool.com\/wp-content\/uploads\/2025\/03\/Fernand-de-Magellan.jpg","type":"image\/jpeg"}],"author":"snipool","twitter_card":"summary_large_image","twitter_misc":{"Escrito por":"snipool","Tiempo de lectura":"4 minutos"},"schema":{"@context":"https:\/\/schema.org","@graph":[{"@type":"Article","@id":"https:\/\/snipool.com\/es\/fernando-de-magallanes\/#article","isPartOf":{"@id":"https:\/\/snipool.com\/es\/fernando-de-magallanes\/"},"author":{"name":"snipool","@id":"https:\/\/snipool.com\/es\/#\/schema\/person\/ffb130c1d9a37f3334a8c388848476b2"},"headline":"Fernando de Magallanes","datePublished":"2026-08-31T13:57:53+00:00","dateModified":"2026-08-31T16:31:13+00:00","mainEntityOfPage":{"@id":"https:\/\/snipool.com\/es\/fernando-de-magallanes\/"},"wordCount":773,"commentCount":0,"publisher":{"@id":"https:\/\/snipool.com\/es\/#organization"},"image":{"@id":"https:\/\/snipool.com\/es\/fernando-de-magallanes\/#primaryimage"},"thumbnailUrl":"https:\/\/snipool.com\/wp-content\/uploads\/2025\/03\/Fernand-de-Magellan.jpg","keywords":["descubrimiento del estrecho de Magallanes","Fernando de Magallanes","muerte de Fernando de Magallanes","viaje de Magallanes alrededor del mundo"],"articleSection":["Historia"],"inLanguage":"es","potentialAction":[{"@type":"CommentAction","name":"Comment","target":["https:\/\/snipool.com\/es\/fernando-de-magallanes\/#respond"]}]},{"@type":"WebPage","@id":"https:\/\/snipool.com\/es\/fernando-de-magallanes\/","url":"https:\/\/snipool.com\/es\/fernando-de-magallanes\/","name":"Fernando de Magallanes - Snipool","isPartOf":{"@id":"https:\/\/snipool.com\/es\/#website"},"primaryImageOfPage":{"@id":"https:\/\/snipool.com\/es\/fernando-de-magallanes\/#primaryimage"},"image":{"@id":"https:\/\/snipool.com\/es\/fernando-de-magallanes\/#primaryimage"},"thumbnailUrl":"https:\/\/snipool.com\/wp-content\/uploads\/2025\/03\/Fernand-de-Magellan.jpg","datePublished":"2026-08-31T13:57:53+00:00","dateModified":"2026-08-31T16:31:13+00:00","description":"Fernando de Magallanes y su expedici\u00f3n: el estrecho de Magallanes, el viaje por el Pac\u00edfico y la primera circunnavegaci\u00f3n de la Tierra.","breadcrumb":{"@id":"https:\/\/snipool.com\/es\/fernando-de-magallanes\/#breadcrumb"},"inLanguage":"es","potentialAction":[{"@type":"ReadAction","target":["https:\/\/snipool.com\/es\/fernando-de-magallanes\/"]}]},{"@type":"ImageObject","inLanguage":"es","@id":"https:\/\/snipool.com\/es\/fernando-de-magallanes\/#primaryimage","url":"https:\/\/snipool.com\/wp-content\/uploads\/2025\/03\/Fernand-de-Magellan.jpg","contentUrl":"https:\/\/snipool.com\/wp-content\/uploads\/2025\/03\/Fernand-de-Magellan.jpg","width":1280,"height":853},{"@type":"BreadcrumbList","@id":"https:\/\/snipool.com\/es\/fernando-de-magallanes\/#breadcrumb","itemListElement":[{"@type":"ListItem","position":1,"name":"Home","item":"https:\/\/snipool.com\/es\/"},{"@type":"ListItem","position":2,"name":"Fernando de Magallanes"}]},{"@type":"WebSite","@id":"https:\/\/snipool.com\/es\/#website","url":"https:\/\/snipool.com\/es\/","name":"Snipool","description":"\u0415\u043d\u0446\u0438\u043a\u043b\u043e\u043f\u0435\u0434\u0438\u044f","publisher":{"@id":"https:\/\/snipool.com\/es\/#organization"},"potentialAction":[{"@type":"SearchAction","target":{"@type":"EntryPoint","urlTemplate":"https:\/\/snipool.com\/es\/?s={search_term_string}"},"query-input":{"@type":"PropertyValueSpecification","valueRequired":true,"valueName":"search_term_string"}}],"inLanguage":"es"},{"@type":"Organization","@id":"https:\/\/snipool.com\/es\/#organization","name":"Snipool","url":"https:\/\/snipool.com\/es\/","logo":{"@type":"ImageObject","inLanguage":"es","@id":"https:\/\/snipool.com\/es\/#\/schema\/logo\/image\/","url":"https:\/\/snipool.com\/wp-content\/uploads\/2023\/10\/logos.png","contentUrl":"https:\/\/snipool.com\/wp-content\/uploads\/2023\/10\/logos.png","width":380,"height":380,"caption":"Snipool"},"image":{"@id":"https:\/\/snipool.com\/es\/#\/schema\/logo\/image\/"},"sameAs":["https:\/\/www.facebook.com\/profile.php?id=100063508899183","https:\/\/www.youtube.com\/channel\/UCEOTSSOX8TuyuJTr2ZfeRDQ","https:\/\/www.instagram.com\/snipool_com\/"]},{"@type":"Person","@id":"https:\/\/snipool.com\/es\/#\/schema\/person\/ffb130c1d9a37f3334a8c388848476b2","name":"snipool","image":{"@type":"ImageObject","inLanguage":"es","@id":"https:\/\/snipool.com\/wp-content\/litespeed\/avatar\/ab7d858bfdc8a268ec80c223cc486fc4.jpg?ver=1787677003","url":"https:\/\/snipool.com\/wp-content\/litespeed\/avatar\/ab7d858bfdc8a268ec80c223cc486fc4.jpg?ver=1787677003","contentUrl":"https:\/\/snipool.com\/wp-content\/litespeed\/avatar\/ab7d858bfdc8a268ec80c223cc486fc4.jpg?ver=1787677003","caption":"snipool"}}]}},"_links":{"self":[{"href":"https:\/\/snipool.com\/es\/wp-json\/wp\/v2\/posts\/40946","targetHints":{"allow":["GET"]}}],"collection":[{"href":"https:\/\/snipool.com\/es\/wp-json\/wp\/v2\/posts"}],"about":[{"href":"https:\/\/snipool.com\/es\/wp-json\/wp\/v2\/types\/post"}],"author":[{"embeddable":true,"href":"https:\/\/snipool.com\/es\/wp-json\/wp\/v2\/users\/3"}],"replies":[{"embeddable":true,"href":"https:\/\/snipool.com\/es\/wp-json\/wp\/v2\/comments?post=40946"}],"version-history":[{"count":3,"href":"https:\/\/snipool.com\/es\/wp-json\/wp\/v2\/posts\/40946\/revisions"}],"predecessor-version":[{"id":40959,"href":"https:\/\/snipool.com\/es\/wp-json\/wp\/v2\/posts\/40946\/revisions\/40959"}],"wp:featuredmedia":[{"embeddable":true,"href":"https:\/\/snipool.com\/es\/wp-json\/wp\/v2\/media\/40945"}],"wp:attachment":[{"href":"https:\/\/snipool.com\/es\/wp-json\/wp\/v2\/media?parent=40946"}],"wp:term":[{"taxonomy":"category","embeddable":true,"href":"https:\/\/snipool.com\/es\/wp-json\/wp\/v2\/categories?post=40946"},{"taxonomy":"post_tag","embeddable":true,"href":"https:\/\/snipool.com\/es\/wp-json\/wp\/v2\/tags?post=40946"}],"curies":[{"name":"wp","href":"https:\/\/api.w.org\/{rel}","templated":true}]}}