{"id":40957,"date":"2026-08-31T16:26:32","date_gmt":"2026-08-31T16:26:32","guid":{"rendered":"https:\/\/snipool.com\/ferdinand-magellan\/"},"modified":"2026-08-31T16:28:17","modified_gmt":"2026-08-31T16:28:17","slug":"ferdinand-magellan","status":"publish","type":"post","link":"https:\/\/snipool.com\/de\/ferdinand-magellan\/","title":{"rendered":"Ferdinand Magellan"},"content":{"rendered":"<p class=\"isSelectedEnd\">Fernand de Magellan, devenu le c\u00e9l\u00e8bre navigateur portugais, est n\u00e9 vers 1480 \u00e0 Porto ou \u00e0 Sabrosa, dans la r\u00e9gion de Tras-os-Montes. Fils d\u2019un gentilhomme portugais, Fernand est \u00e9lev\u00e9 \u00e0 la cour de Jean II de Portugal. Apr\u00e8s 1495, le jeune homme entre au service de Manuel Ier, qui succ\u00e8de au tr\u00f4ne.<\/p>\n<p class=\"isSelectedEnd\">\u00c0 partir de 1505, Fernand participe \u00e0 diff\u00e9rentes exp\u00e9ditions maritimes vers l\u2019Inde et les \u00eeles des \u00e9pices en Asie du Sud-Est, qui lui permettent d\u2019acqu\u00e9rir une importante exp\u00e9rience de la navigation. Le marin rentre au Portugal en 1512, o\u00f9 il participe \u00e0 des combats en Afrique du Nord. Mais Magellan tombe en disgr\u00e2ce aupr\u00e8s du roi et doit quitter le service royal. Il rompt alors avec son pays natal et se rend en Espagne. Gr\u00e2ce \u00e0 l\u2019aide d\u2019amis influents, il rencontre le roi Charles Ier d\u2019Espagne, futur empereur Charles Quint, et lui propose un plan : atteindre les \u00eeles des \u00e9pices, non pas par la route connue qui contourne l\u2019Afrique, mais en naviguant vers l\u2019ouest, \u00e0 travers l\u2019oc\u00e9an Atlantique puis en cherchant un passage \u00e0 travers l\u2019Am\u00e9rique du Sud.<\/p>\n<p class=\"isSelectedEnd\">Charles Quint est s\u00e9duit par ce projet. En 1518, un contrat est conclu, garantissant \u00e0 Magellan une partie des revenus des terres qu\u2019il pourrait d\u00e9couvrir au cours de son voyage. L\u2019accord lui accorde \u00e9galement certains droits sur les territoires d\u00e9couverts, ainsi qu\u2019\u00e0 ses descendants.<\/p>\n<p class=\"isSelectedEnd\">Le 20 septembre 1519, Fernand, \u00e0 la t\u00eate d\u2019une exp\u00e9dition de cinq navires, quitte Sanl\u00facar de Barrameda, apr\u00e8s avoir quitt\u00e9 S\u00e9ville, et prend la mer. La flotte passe par les \u00eeles Canaries, puis traverse l\u2019Atlantique et atteint la c\u00f4te du Br\u00e9sil. Les marins longent ensuite la c\u00f4te de l\u2019Am\u00e9rique du Sud vers le sud et explorent l\u2019estuaire du R\u00edo de la Plata \u00e0 la recherche d\u2019un passage vers l\u2019ouest. Ne trouvant pas de passage, l\u2019exp\u00e9dition poursuit sa route le long de la c\u00f4te de la Patagonie. \u00c0 la fin du mois de mars 1520, les marins \u00e9tablissent leurs quartiers d\u2019hiver \u00e0 Puerto San Juli\u00e1n, o\u00f9 Magellan doit r\u00e9primer une importante mutinerie de ses hommes.<\/p>\n<p class=\"isSelectedEnd\">L\u2019exp\u00e9dition reprend la mer le 24 ao\u00fbt 1520 et, le 21 octobre, elle arrive enfin \u00e0 l\u2019entr\u00e9e du d\u00e9troit qu\u2019elle cherchait depuis plusieurs mois. Ce passage sera plus tard nomm\u00e9 \u00ab d\u00e9troit de Magellan \u00bb. La travers\u00e9e du d\u00e9troit est extr\u00eamement difficile et dure trente-huit jours. Entre-temps, le navire Santiago fait naufrage et le San Antonio abandonne l\u2019exp\u00e9dition et retourne en Espagne. Enfin, les trois navires restants atteignent le grand oc\u00e9an, o\u00f9 r\u00e8gne un calme relatif, ce qui conduit Magellan \u00e0 le nommer \u00ab Pacifique \u00bb. Les marins naviguent sur cet oc\u00e9an pendant pr\u00e8s de trois mois. La travers\u00e9e met les hommes \u00e0 rude \u00e9preuve : les vivres et l\u2019eau fra\u00eeche viennent \u00e0 manquer \u00e0 bord ; les pertes humaines li\u00e9es au scorbut sont consid\u00e9rables et, pour ne rien arranger, l\u2019\u00e9tat d\u2019esprit de l\u2019\u00e9quipage devient de plus en plus inqui\u00e9tant.<\/p>\n<p class=\"isSelectedEnd\">Le 6 mars 1521, la flotte atteint enfin Guam, dans les \u00eeles Mariannes, o\u00f9 les marins restent quelque temps pour se reposer et se ravitailler. Ils poursuivent ensuite leur voyage vers les Philippines, qu\u2019ils atteignent quelques jours plus tard.<\/p>\n<p class=\"isSelectedEnd\">Puis, l\u2019exp\u00e9dition poursuit sa route vers les Philippines. Magellan arrive sur l\u2019\u00eele de Mactan et tente d\u2019imposer l\u2019autorit\u00e9 de l\u2019Espagne au chef local, Lapulapu. Le 27 avril 1521, le navigateur trouve la mort au cours des combats avec les habitants de l\u2019\u00eele. Une partie de son \u00e9quipage est \u00e9galement tu\u00e9e. Les survivants quittent ensuite les Philippines avec les navires restants. Sur la route vers l\u2019Europe, ils atteignent les \u00eeles Moluques, en Indon\u00e9sie, o\u00f9 ils prennent une riche cargaison d\u2019\u00e9pices.<\/p>\n<p>Un seul des cinq navires de l\u2019exp\u00e9dition de Fernand de Magellan, le Victoria, r\u00e9ussit finalement \u00e0 rejoindre l\u2019Espagne. Command\u00e9 par Juan Sebasti\u00e1n Elcano, le navire arrive \u00e0 Sanl\u00facar de Barrameda le 6 septembre 1522, apr\u00e8s avoir emprunt\u00e9 la route autour du cap de Bonne-Esp\u00e9rance. Ce retour ach\u00e8ve la premi\u00e8re circumnavigation connue de la Terre, m\u00eame si Magellan lui-m\u00eame n\u2019a pas v\u00e9cu assez longtemps pour l\u2019accomplir.<\/p>\n","protected":false},"excerpt":{"rendered":"<p>Fernand de Magellan, devenu le c\u00e9l\u00e8bre navigateur portugais, est n\u00e9 vers 1480 \u00e0 Porto ou \u00e0 Sabrosa, dans la r\u00e9gion de Tras-os-Montes. Fils d\u2019un gentilhomme portugais, Fernand est \u00e9lev\u00e9 \u00e0 la cour de Jean II de Portugal. Apr\u00e8s 1495, le jeune homme entre au service de Manuel Ier, qui succ\u00e8de au tr\u00f4ne. \u00c0 partir de &hellip;<\/p>\n","protected":false},"author":3,"featured_media":36860,"comment_status":"open","ping_status":"open","sticky":false,"template":"","format":"standard","meta":{"footnotes":""},"categories":[3210],"tags":[18007,18009,18008,18011,18012,18010],"class_list":["post-40957","post","type-post","status-publish","format-standard","has-post-thumbnail","hentry","category-geschichte-de","tag-ferdinand-magellan-biografie","tag-gewuerzinseln","tag-juan-sebastian-elcano","tag-magellans-expedition-1519","tag-magellans-reise-ueber-den-pazifik","tag-pazifik"],"yoast_head":"<!-- This site is optimized with the Yoast SEO plugin v28.3 - https:\/\/yoast.com\/product\/yoast-seo-wordpress\/ -->\n<title>Ferdinand Magellan - Snipool<\/title>\n<meta name=\"description\" content=\"Ferdinand Magellan und seine Expedition: Die Reise durch die Magellanstra\u00dfe, \u00fcber den Pazifik bis zu den Philippinen und die erste Weltumsegelung.\" \/>\n<meta name=\"robots\" content=\"index, follow, max-snippet:-1, max-image-preview:large, max-video-preview:-1\" \/>\n<link rel=\"canonical\" href=\"https:\/\/snipool.com\/de\/ferdinand-magellan\/\" \/>\n<meta property=\"og:locale\" content=\"de_DE\" \/>\n<meta property=\"og:type\" content=\"article\" \/>\n<meta property=\"og:title\" content=\"Ferdinand Magellan - Snipool\" \/>\n<meta property=\"og:description\" content=\"Ferdinand Magellan und seine Expedition: Die Reise durch die Magellanstra\u00dfe, \u00fcber den Pazifik bis zu den Philippinen und die erste Weltumsegelung.\" \/>\n<meta property=\"og:url\" content=\"https:\/\/snipool.com\/de\/ferdinand-magellan\/\" \/>\n<meta property=\"og:site_name\" content=\"Snipool\" \/>\n<meta property=\"article:publisher\" content=\"https:\/\/www.facebook.com\/profile.php?id=100063508899183\" \/>\n<meta property=\"article:published_time\" content=\"2026-08-31T16:26:32+00:00\" \/>\n<meta property=\"article:modified_time\" content=\"2026-08-31T16:28:17+00:00\" \/>\n<meta property=\"og:image\" content=\"https:\/\/snipool.com\/wp-content\/uploads\/2025\/03\/Fernand-de-Magellan.jpg\" \/>\n\t<meta property=\"og:image:width\" content=\"1280\" \/>\n\t<meta property=\"og:image:height\" content=\"853\" \/>\n\t<meta property=\"og:image:type\" content=\"image\/jpeg\" \/>\n<meta name=\"author\" content=\"snipool\" \/>\n<meta name=\"twitter:card\" content=\"summary_large_image\" \/>\n<meta name=\"twitter:label1\" content=\"Verfasst von\" \/>\n\t<meta name=\"twitter:data1\" content=\"snipool\" \/>\n\t<meta name=\"twitter:label2\" content=\"Gesch\u00e4tzte Lesezeit\" \/>\n\t<meta name=\"twitter:data2\" content=\"4\u00a0Minuten\" \/>\n<script type=\"application\/ld+json\" class=\"yoast-schema-graph\">{\"@context\":\"https:\\\/\\\/schema.org\",\"@graph\":[{\"@type\":\"Article\",\"@id\":\"https:\\\/\\\/snipool.com\\\/de\\\/ferdinand-magellan\\\/#article\",\"isPartOf\":{\"@id\":\"https:\\\/\\\/snipool.com\\\/de\\\/ferdinand-magellan\\\/\"},\"author\":{\"name\":\"snipool\",\"@id\":\"https:\\\/\\\/snipool.com\\\/de\\\/#\\\/schema\\\/person\\\/ffb130c1d9a37f3334a8c388848476b2\"},\"headline\":\"Ferdinand Magellan\",\"datePublished\":\"2026-08-31T16:26:32+00:00\",\"dateModified\":\"2026-08-31T16:28:17+00:00\",\"mainEntityOfPage\":{\"@id\":\"https:\\\/\\\/snipool.com\\\/de\\\/ferdinand-magellan\\\/\"},\"wordCount\":724,\"commentCount\":0,\"publisher\":{\"@id\":\"https:\\\/\\\/snipool.com\\\/de\\\/#organization\"},\"image\":{\"@id\":\"https:\\\/\\\/snipool.com\\\/de\\\/ferdinand-magellan\\\/#primaryimage\"},\"thumbnailUrl\":\"https:\\\/\\\/snipool.com\\\/wp-content\\\/uploads\\\/2025\\\/03\\\/Fernand-de-Magellan.jpg\",\"keywords\":[\"Ferdinand Magellan Biografie\",\"Gew\u00fcrzinseln\",\"Juan Sebasti\u00e1n Elcano\",\"Magellans Expedition 1519\",\"Magellans Reise \u00fcber den Pazifik\",\"Pazifik\"],\"articleSection\":[\"Geschichte\"],\"inLanguage\":\"de\",\"potentialAction\":[{\"@type\":\"CommentAction\",\"name\":\"Comment\",\"target\":[\"https:\\\/\\\/snipool.com\\\/de\\\/ferdinand-magellan\\\/#respond\"]}]},{\"@type\":\"WebPage\",\"@id\":\"https:\\\/\\\/snipool.com\\\/de\\\/ferdinand-magellan\\\/\",\"url\":\"https:\\\/\\\/snipool.com\\\/de\\\/ferdinand-magellan\\\/\",\"name\":\"Ferdinand Magellan - Snipool\",\"isPartOf\":{\"@id\":\"https:\\\/\\\/snipool.com\\\/de\\\/#website\"},\"primaryImageOfPage\":{\"@id\":\"https:\\\/\\\/snipool.com\\\/de\\\/ferdinand-magellan\\\/#primaryimage\"},\"image\":{\"@id\":\"https:\\\/\\\/snipool.com\\\/de\\\/ferdinand-magellan\\\/#primaryimage\"},\"thumbnailUrl\":\"https:\\\/\\\/snipool.com\\\/wp-content\\\/uploads\\\/2025\\\/03\\\/Fernand-de-Magellan.jpg\",\"datePublished\":\"2026-08-31T16:26:32+00:00\",\"dateModified\":\"2026-08-31T16:28:17+00:00\",\"description\":\"Ferdinand Magellan und seine Expedition: Die Reise durch die Magellanstra\u00dfe, \u00fcber den Pazifik bis zu den Philippinen und die erste Weltumsegelung.\",\"breadcrumb\":{\"@id\":\"https:\\\/\\\/snipool.com\\\/de\\\/ferdinand-magellan\\\/#breadcrumb\"},\"inLanguage\":\"de\",\"potentialAction\":[{\"@type\":\"ReadAction\",\"target\":[\"https:\\\/\\\/snipool.com\\\/de\\\/ferdinand-magellan\\\/\"]}]},{\"@type\":\"ImageObject\",\"inLanguage\":\"de\",\"@id\":\"https:\\\/\\\/snipool.com\\\/de\\\/ferdinand-magellan\\\/#primaryimage\",\"url\":\"https:\\\/\\\/snipool.com\\\/wp-content\\\/uploads\\\/2025\\\/03\\\/Fernand-de-Magellan.jpg\",\"contentUrl\":\"https:\\\/\\\/snipool.com\\\/wp-content\\\/uploads\\\/2025\\\/03\\\/Fernand-de-Magellan.jpg\",\"width\":1280,\"height\":853},{\"@type\":\"BreadcrumbList\",\"@id\":\"https:\\\/\\\/snipool.com\\\/de\\\/ferdinand-magellan\\\/#breadcrumb\",\"itemListElement\":[{\"@type\":\"ListItem\",\"position\":1,\"name\":\"Home\",\"item\":\"https:\\\/\\\/snipool.com\\\/de\\\/german\\\/\"},{\"@type\":\"ListItem\",\"position\":2,\"name\":\"Ferdinand Magellan\"}]},{\"@type\":\"WebSite\",\"@id\":\"https:\\\/\\\/snipool.com\\\/de\\\/#website\",\"url\":\"https:\\\/\\\/snipool.com\\\/de\\\/\",\"name\":\"Snipool\",\"description\":\"\u0415\u043d\u0446\u0438\u043a\u043b\u043e\u043f\u0435\u0434\u0438\u044f\",\"publisher\":{\"@id\":\"https:\\\/\\\/snipool.com\\\/de\\\/#organization\"},\"potentialAction\":[{\"@type\":\"SearchAction\",\"target\":{\"@type\":\"EntryPoint\",\"urlTemplate\":\"https:\\\/\\\/snipool.com\\\/de\\\/?s={search_term_string}\"},\"query-input\":{\"@type\":\"PropertyValueSpecification\",\"valueRequired\":true,\"valueName\":\"search_term_string\"}}],\"inLanguage\":\"de\"},{\"@type\":\"Organization\",\"@id\":\"https:\\\/\\\/snipool.com\\\/de\\\/#organization\",\"name\":\"Snipool\",\"url\":\"https:\\\/\\\/snipool.com\\\/de\\\/\",\"logo\":{\"@type\":\"ImageObject\",\"inLanguage\":\"de\",\"@id\":\"https:\\\/\\\/snipool.com\\\/de\\\/#\\\/schema\\\/logo\\\/image\\\/\",\"url\":\"https:\\\/\\\/snipool.com\\\/wp-content\\\/uploads\\\/2023\\\/10\\\/logos.png\",\"contentUrl\":\"https:\\\/\\\/snipool.com\\\/wp-content\\\/uploads\\\/2023\\\/10\\\/logos.png\",\"width\":380,\"height\":380,\"caption\":\"Snipool\"},\"image\":{\"@id\":\"https:\\\/\\\/snipool.com\\\/de\\\/#\\\/schema\\\/logo\\\/image\\\/\"},\"sameAs\":[\"https:\\\/\\\/www.facebook.com\\\/profile.php?id=100063508899183\",\"https:\\\/\\\/www.youtube.com\\\/channel\\\/UCEOTSSOX8TuyuJTr2ZfeRDQ\",\"https:\\\/\\\/www.instagram.com\\\/snipool_com\\\/\"]},{\"@type\":\"Person\",\"@id\":\"https:\\\/\\\/snipool.com\\\/de\\\/#\\\/schema\\\/person\\\/ffb130c1d9a37f3334a8c388848476b2\",\"name\":\"snipool\",\"image\":{\"@type\":\"ImageObject\",\"inLanguage\":\"de\",\"@id\":\"https:\\\/\\\/snipool.com\\\/wp-content\\\/litespeed\\\/avatar\\\/ab7d858bfdc8a268ec80c223cc486fc4.jpg?ver=1787677003\",\"url\":\"https:\\\/\\\/snipool.com\\\/wp-content\\\/litespeed\\\/avatar\\\/ab7d858bfdc8a268ec80c223cc486fc4.jpg?ver=1787677003\",\"contentUrl\":\"https:\\\/\\\/snipool.com\\\/wp-content\\\/litespeed\\\/avatar\\\/ab7d858bfdc8a268ec80c223cc486fc4.jpg?ver=1787677003\",\"caption\":\"snipool\"}}]}<\/script>\n<!-- \/ Yoast SEO plugin. -->","yoast_head_json":{"title":"Ferdinand Magellan - Snipool","description":"Ferdinand Magellan und seine Expedition: Die Reise durch die Magellanstra\u00dfe, \u00fcber den Pazifik bis zu den Philippinen und die erste Weltumsegelung.","robots":{"index":"index","follow":"follow","max-snippet":"max-snippet:-1","max-image-preview":"max-image-preview:large","max-video-preview":"max-video-preview:-1"},"canonical":"https:\/\/snipool.com\/de\/ferdinand-magellan\/","og_locale":"de_DE","og_type":"article","og_title":"Ferdinand Magellan - Snipool","og_description":"Ferdinand Magellan und seine Expedition: Die Reise durch die Magellanstra\u00dfe, \u00fcber den Pazifik bis zu den Philippinen und die erste Weltumsegelung.","og_url":"https:\/\/snipool.com\/de\/ferdinand-magellan\/","og_site_name":"Snipool","article_publisher":"https:\/\/www.facebook.com\/profile.php?id=100063508899183","article_published_time":"2026-08-31T16:26:32+00:00","article_modified_time":"2026-08-31T16:28:17+00:00","og_image":[{"width":1280,"height":853,"url":"https:\/\/snipool.com\/wp-content\/uploads\/2025\/03\/Fernand-de-Magellan.jpg","type":"image\/jpeg"}],"author":"snipool","twitter_card":"summary_large_image","twitter_misc":{"Verfasst von":"snipool","Gesch\u00e4tzte Lesezeit":"4\u00a0Minuten"},"schema":{"@context":"https:\/\/schema.org","@graph":[{"@type":"Article","@id":"https:\/\/snipool.com\/de\/ferdinand-magellan\/#article","isPartOf":{"@id":"https:\/\/snipool.com\/de\/ferdinand-magellan\/"},"author":{"name":"snipool","@id":"https:\/\/snipool.com\/de\/#\/schema\/person\/ffb130c1d9a37f3334a8c388848476b2"},"headline":"Ferdinand Magellan","datePublished":"2026-08-31T16:26:32+00:00","dateModified":"2026-08-31T16:28:17+00:00","mainEntityOfPage":{"@id":"https:\/\/snipool.com\/de\/ferdinand-magellan\/"},"wordCount":724,"commentCount":0,"publisher":{"@id":"https:\/\/snipool.com\/de\/#organization"},"image":{"@id":"https:\/\/snipool.com\/de\/ferdinand-magellan\/#primaryimage"},"thumbnailUrl":"https:\/\/snipool.com\/wp-content\/uploads\/2025\/03\/Fernand-de-Magellan.jpg","keywords":["Ferdinand Magellan Biografie","Gew\u00fcrzinseln","Juan Sebasti\u00e1n Elcano","Magellans Expedition 1519","Magellans Reise \u00fcber den Pazifik","Pazifik"],"articleSection":["Geschichte"],"inLanguage":"de","potentialAction":[{"@type":"CommentAction","name":"Comment","target":["https:\/\/snipool.com\/de\/ferdinand-magellan\/#respond"]}]},{"@type":"WebPage","@id":"https:\/\/snipool.com\/de\/ferdinand-magellan\/","url":"https:\/\/snipool.com\/de\/ferdinand-magellan\/","name":"Ferdinand Magellan - Snipool","isPartOf":{"@id":"https:\/\/snipool.com\/de\/#website"},"primaryImageOfPage":{"@id":"https:\/\/snipool.com\/de\/ferdinand-magellan\/#primaryimage"},"image":{"@id":"https:\/\/snipool.com\/de\/ferdinand-magellan\/#primaryimage"},"thumbnailUrl":"https:\/\/snipool.com\/wp-content\/uploads\/2025\/03\/Fernand-de-Magellan.jpg","datePublished":"2026-08-31T16:26:32+00:00","dateModified":"2026-08-31T16:28:17+00:00","description":"Ferdinand Magellan und seine Expedition: Die Reise durch die Magellanstra\u00dfe, \u00fcber den Pazifik bis zu den Philippinen und die erste Weltumsegelung.","breadcrumb":{"@id":"https:\/\/snipool.com\/de\/ferdinand-magellan\/#breadcrumb"},"inLanguage":"de","potentialAction":[{"@type":"ReadAction","target":["https:\/\/snipool.com\/de\/ferdinand-magellan\/"]}]},{"@type":"ImageObject","inLanguage":"de","@id":"https:\/\/snipool.com\/de\/ferdinand-magellan\/#primaryimage","url":"https:\/\/snipool.com\/wp-content\/uploads\/2025\/03\/Fernand-de-Magellan.jpg","contentUrl":"https:\/\/snipool.com\/wp-content\/uploads\/2025\/03\/Fernand-de-Magellan.jpg","width":1280,"height":853},{"@type":"BreadcrumbList","@id":"https:\/\/snipool.com\/de\/ferdinand-magellan\/#breadcrumb","itemListElement":[{"@type":"ListItem","position":1,"name":"Home","item":"https:\/\/snipool.com\/de\/german\/"},{"@type":"ListItem","position":2,"name":"Ferdinand Magellan"}]},{"@type":"WebSite","@id":"https:\/\/snipool.com\/de\/#website","url":"https:\/\/snipool.com\/de\/","name":"Snipool","description":"\u0415\u043d\u0446\u0438\u043a\u043b\u043e\u043f\u0435\u0434\u0438\u044f","publisher":{"@id":"https:\/\/snipool.com\/de\/#organization"},"potentialAction":[{"@type":"SearchAction","target":{"@type":"EntryPoint","urlTemplate":"https:\/\/snipool.com\/de\/?s={search_term_string}"},"query-input":{"@type":"PropertyValueSpecification","valueRequired":true,"valueName":"search_term_string"}}],"inLanguage":"de"},{"@type":"Organization","@id":"https:\/\/snipool.com\/de\/#organization","name":"Snipool","url":"https:\/\/snipool.com\/de\/","logo":{"@type":"ImageObject","inLanguage":"de","@id":"https:\/\/snipool.com\/de\/#\/schema\/logo\/image\/","url":"https:\/\/snipool.com\/wp-content\/uploads\/2023\/10\/logos.png","contentUrl":"https:\/\/snipool.com\/wp-content\/uploads\/2023\/10\/logos.png","width":380,"height":380,"caption":"Snipool"},"image":{"@id":"https:\/\/snipool.com\/de\/#\/schema\/logo\/image\/"},"sameAs":["https:\/\/www.facebook.com\/profile.php?id=100063508899183","https:\/\/www.youtube.com\/channel\/UCEOTSSOX8TuyuJTr2ZfeRDQ","https:\/\/www.instagram.com\/snipool_com\/"]},{"@type":"Person","@id":"https:\/\/snipool.com\/de\/#\/schema\/person\/ffb130c1d9a37f3334a8c388848476b2","name":"snipool","image":{"@type":"ImageObject","inLanguage":"de","@id":"https:\/\/snipool.com\/wp-content\/litespeed\/avatar\/ab7d858bfdc8a268ec80c223cc486fc4.jpg?ver=1787677003","url":"https:\/\/snipool.com\/wp-content\/litespeed\/avatar\/ab7d858bfdc8a268ec80c223cc486fc4.jpg?ver=1787677003","contentUrl":"https:\/\/snipool.com\/wp-content\/litespeed\/avatar\/ab7d858bfdc8a268ec80c223cc486fc4.jpg?ver=1787677003","caption":"snipool"}}]}},"_links":{"self":[{"href":"https:\/\/snipool.com\/de\/wp-json\/wp\/v2\/posts\/40957","targetHints":{"allow":["GET"]}}],"collection":[{"href":"https:\/\/snipool.com\/de\/wp-json\/wp\/v2\/posts"}],"about":[{"href":"https:\/\/snipool.com\/de\/wp-json\/wp\/v2\/types\/post"}],"author":[{"embeddable":true,"href":"https:\/\/snipool.com\/de\/wp-json\/wp\/v2\/users\/3"}],"replies":[{"embeddable":true,"href":"https:\/\/snipool.com\/de\/wp-json\/wp\/v2\/comments?post=40957"}],"version-history":[{"count":1,"href":"https:\/\/snipool.com\/de\/wp-json\/wp\/v2\/posts\/40957\/revisions"}],"predecessor-version":[{"id":40958,"href":"https:\/\/snipool.com\/de\/wp-json\/wp\/v2\/posts\/40957\/revisions\/40958"}],"wp:featuredmedia":[{"embeddable":true,"href":"https:\/\/snipool.com\/de\/wp-json\/wp\/v2\/media\/36860"}],"wp:attachment":[{"href":"https:\/\/snipool.com\/de\/wp-json\/wp\/v2\/media?parent=40957"}],"wp:term":[{"taxonomy":"category","embeddable":true,"href":"https:\/\/snipool.com\/de\/wp-json\/wp\/v2\/categories?post=40957"},{"taxonomy":"post_tag","embeddable":true,"href":"https:\/\/snipool.com\/de\/wp-json\/wp\/v2\/tags?post=40957"}],"curies":[{"name":"wp","href":"https:\/\/api.w.org\/{rel}","templated":true}]}}